{"id":557,"date":"2011-04-21T15:43:54","date_gmt":"2011-04-21T13:43:54","guid":{"rendered":"http:\/\/xn--miekekrger-kcb.de\/wordpress\/?p=557"},"modified":"2016-05-29T18:29:19","modified_gmt":"2016-05-29T16:29:19","slug":"eine-maschine-fur-die-meisterin","status":"publish","type":"post","link":"http:\/\/xn--miekekrger-kcb.de\/?p=557","title":{"rendered":"Eine Maschine f\u00fcr die Meisterin"},"content":{"rendered":"<p>Das war knapp! Eine gute halbe Stunde bevor Mieke Kr\u00f6ger, die amtierende Deutsche Meisterin im Einzelzeitfahren auf der Stra\u00dfe bei den Juniorinnen, zusammen mit ihren Kolleginnen vom Nationalkader des Bundes Deutscher Radfahrer zum\u00a0<a title=\"Omloop van Borsele, 22.-24.4.2011\" href=\"http:\/\/xn--miekekrger-kcb.de\/wordpress\/?p=553\">Omloop van Borsele<\/a>, einer international besetzten Rundfahrt in der niederl\u00e4ndischen Urlaubsregion Zeeland aufbrach, war auch ihre vom Verband gestellte FES-Zeitfahrmaschine startklar. Am morgigen Samstagabend wird sie damit erstmals in diesem Jahr am Start stehen.<\/p>\n<p><img decoding=\"async\" title=\"Weiterlesen...\" src=\"http:\/\/www.srm-poison-bike-team.foto-grafik-satz.de\/wordpress\/wp-includes\/js\/tinymce\/plugins\/wordpress\/img\/trans.gif\" alt=\"\" \/><br \/>\nEs ist das Rad, mit dem sie im August vergangenen Jahres bei der\u00a0WM in Italien trotz Sturz Rang 8 erreichen konnte. Es wurde im Winter bei FES \u00fcberarbeitet und kam nun, so gerade eben passend zum ersten Einsatz, wieder zur\u00fcck zu Mieke. Dank des Einsatzes einiger Mitglieder des Teams SRM &amp; Poison konnten auch die erforderlichen Anpassungs- und Einstellarbeiten gerade noch rechtzeitig vorgenommen werden \u2013 und auch Hauptsponsor SRM lie\u00df sich nicht lumpen und stellte ein weiteres, mehrere tausend Euro teures Ger\u00e4t zur Verf\u00fcgung.<br \/>\nAuch wenn die Zeit nicht mehr reichte, um vor dem Renneinsatz eine wirkliche Trainingseinheit auf dem Rad zu absolvieren machte eine strahlende Mieke bei der gut eine halbe Stunde dauernden Testfahrt mehr als deutlich, dass mit ihr im Zeitfahren auch dieses Jahr zu rechnen sein wird.<\/p>\n<p><a title=\"Warmfahren auf dem FES, 21.4.2011\" href=\"http:\/\/xn--miekekrger-kcb.de\/wordpress\/?p=539\">Hier geht es einigen Bildern <\/a><\/p>\n","protected":false},"excerpt":{"rendered":"<p>Das war knapp! Eine gute halbe Stunde bevor Mieke Kr\u00f6ger, die amtierende Deutsche Meisterin im Einzelzeitfahren auf der Stra\u00dfe bei den Juniorinnen, zusammen mit ihren Kolleginnen vom Nationalkader des Bundes Deutscher Radfahrer zum\u00a0Omloop van Borsele, einer international besetzten Rundfahrt in der niederl\u00e4ndischen Urlaubsregion Zeeland aufbrach, war auch ihre vom Verband gestellte FES-Zeitfahrmaschine startklar. Am morgigen Samstagabend wird sie damit erstmals <a class=\"more-link\" href=\"http:\/\/xn--miekekrger-kcb.de\/?p=557\">weiterlesen &#8230;<\/a><\/p>\n","protected":false},"author":1,"featured_media":0,"comment_status":"open","ping_status":"open","sticky":false,"template":"","format":"standard","meta":{"footnotes":""},"categories":[9],"tags":[18],"_links":{"self":[{"href":"http:\/\/xn--miekekrger-kcb.de\/index.php?rest_route=\/wp\/v2\/posts\/557"}],"collection":[{"href":"http:\/\/xn--miekekrger-kcb.de\/index.php?rest_route=\/wp\/v2\/posts"}],"about":[{"href":"http:\/\/xn--miekekrger-kcb.de\/index.php?rest_route=\/wp\/v2\/types\/post"}],"author":[{"embeddable":true,"href":"http:\/\/xn--miekekrger-kcb.de\/index.php?rest_route=\/wp\/v2\/users\/1"}],"replies":[{"embeddable":true,"href":"http:\/\/xn--miekekrger-kcb.de\/index.php?rest_route=%2Fwp%2Fv2%2Fcomments&post=557"}],"version-history":[{"count":5,"href":"http:\/\/xn--miekekrger-kcb.de\/index.php?rest_route=\/wp\/v2\/posts\/557\/revisions"}],"predecessor-version":[{"id":811,"href":"http:\/\/xn--miekekrger-kcb.de\/index.php?rest_route=\/wp\/v2\/posts\/557\/revisions\/811"}],"wp:attachment":[{"href":"http:\/\/xn--miekekrger-kcb.de\/index.php?rest_route=%2Fwp%2Fv2%2Fmedia&parent=557"}],"wp:term":[{"taxonomy":"category","embeddable":true,"href":"http:\/\/xn--miekekrger-kcb.de\/index.php?rest_route=%2Fwp%2Fv2%2Fcategories&post=557"},{"taxonomy":"post_tag","embeddable":true,"href":"http:\/\/xn--miekekrger-kcb.de\/index.php?rest_route=%2Fwp%2Fv2%2Ftags&post=557"}],"curies":[{"name":"wp","href":"https:\/\/api.w.org\/{rel}","templated":true}]}}